{"id":1768,"date":"2026-08-27T10:34:43","date_gmt":"2026-08-27T13:34:43","guid":{"rendered":"https:\/\/grupoassociativogasp.com.br\/novo\/?p=1768"},"modified":"2026-09-02T10:36:24","modified_gmt":"2026-09-02T13:36:24","slug":"pec-da-aposentadoria-de-agentes-de-saude-passa-por-segunda-sessao-de-discussao","status":"publish","type":"post","link":"https:\/\/grupoassociativogasp.com.br\/novo\/pec-da-aposentadoria-de-agentes-de-saude-passa-por-segunda-sessao-de-discussao\/","title":{"rendered":"PEC da aposentadoria de agentes de sa\u00fade passa por segunda sess\u00e3o de discuss\u00e3o"},"content":{"rendered":"\n<p>Passou pela segunda sess\u00e3o de discuss\u00e3o em primeiro turno a proposta de emenda \u00e0 Constitui\u00e7\u00e3o que reduz em cinco anos a idade para a aposentadoria de agentes comunit\u00e1rios de sa\u00fade e agentes de combate \u00e0s endemias (<a href=\"https:\/\/www25.senado.leg.br\/web\/atividade\/materias\/-\/materia\/170850\" rel=\"noreferrer noopener\" target=\"_blank\">PEC 14\/2021<\/a>). A proposta ainda precisa passar por mais tr\u00eas sess\u00f5es de discuss\u00e3o antes da vota\u00e7\u00e3o, prevista para o pr\u00f3ximo dia 15.<\/p>\n\n\n\n<p>A PEC 14\/2021, do ex-deputado Dr. Leonardo,&nbsp;foi aprovada em 2025 pela C\u00e2mara dos Deputados. No Senado, \u00e9 relatada pelo senador Iraj\u00e1 (PSD-TO). O texto fixa regras permanentes e transit\u00f3rias de aposentadoria para agentes comunit\u00e1rios de sa\u00fade e agentes de combate \u00e0s endemias, disciplina a forma de contrata\u00e7\u00e3o desses agentes, prev\u00ea medidas de financiamento pela Uni\u00e3o e estende as regras aos agentes ind\u00edgenas de saneamento e aos agentes ind\u00edgenas de sa\u00fade.&nbsp;<\/p>\n\n\n\n<p>Pelo texto, as duas categorias ter\u00e3o direito \u00e0 aposentadoria com idade m\u00ednima de 57 anos para mulheres e 60 anos para homens, desde que comprovem 25 anos de contribui\u00e7\u00e3o e de efetivo exerc\u00edcio na atividade profissional.<\/p>\n\n\n\n<p>A regra valer\u00e1 tanto para quem estiver vinculado ao Regime Pr\u00f3prio de Previd\u00eancia Social (RPPS), aplic\u00e1vel a servidores p\u00fablicos efetivos, quanto para quem estiver no RGPS, administrado pelo Instituto Nacional do Seguro Social (INSS).&nbsp;<\/p>\n\n\n\n<p>Atualmente, a aposentadoria dessas categorias segue a regra geral, de no m\u00ednimo 62 anos de idade para mulheres e 65 para homens, com pelo menos 15 anos de contribui\u00e7\u00e3o, no caso do RGPS (20 anos no caso de homens que come\u00e7aram a contribuir ap\u00f3s a Reforma da Previd\u00eancia de 2019); ou 25 anos de contribui\u00e7\u00e3o, no caso do RPPS.<\/p>\n\n\n\n<p><small>Ag\u00eancia Senado (Reprodu\u00e7\u00e3o autorizada mediante cita\u00e7\u00e3o da Ag\u00eancia Senado)<\/small><\/p>\n\n\n\n<p>Fonte: Ag\u00eancia Senado<\/p>\n","protected":false},"excerpt":{"rendered":"<p>Passou pela segunda sess\u00e3o de discuss\u00e3o em primeiro turno a proposta de emenda \u00e0 Constitui\u00e7\u00e3o que reduz em cinco anos a idade para a aposentadoria de agentes comunit\u00e1rios de sa\u00fade e agentes de combate \u00e0s endemias (PEC 14\/2021). A proposta ainda precisa passar por mais tr\u00eas sess\u00f5es de discuss\u00e3o antes da vota\u00e7\u00e3o, prevista para o [&hellip;]<\/p>\n","protected":false},"author":2,"featured_media":1769,"comment_status":"closed","ping_status":"","sticky":false,"template":"","format":"standard","meta":{"footnotes":""},"categories":[5],"tags":[],"_links":{"self":[{"href":"https:\/\/grupoassociativogasp.com.br\/novo\/wp-json\/wp\/v2\/posts\/1768"}],"collection":[{"href":"https:\/\/grupoassociativogasp.com.br\/novo\/wp-json\/wp\/v2\/posts"}],"about":[{"href":"https:\/\/grupoassociativogasp.com.br\/novo\/wp-json\/wp\/v2\/types\/post"}],"author":[{"embeddable":true,"href":"https:\/\/grupoassociativogasp.com.br\/novo\/wp-json\/wp\/v2\/users\/2"}],"replies":[{"embeddable":true,"href":"https:\/\/grupoassociativogasp.com.br\/novo\/wp-json\/wp\/v2\/comments?post=1768"}],"version-history":[{"count":1,"href":"https:\/\/grupoassociativogasp.com.br\/novo\/wp-json\/wp\/v2\/posts\/1768\/revisions"}],"predecessor-version":[{"id":1770,"href":"https:\/\/grupoassociativogasp.com.br\/novo\/wp-json\/wp\/v2\/posts\/1768\/revisions\/1770"}],"wp:featuredmedia":[{"embeddable":true,"href":"https:\/\/grupoassociativogasp.com.br\/novo\/wp-json\/wp\/v2\/media\/1769"}],"wp:attachment":[{"href":"https:\/\/grupoassociativogasp.com.br\/novo\/wp-json\/wp\/v2\/media?parent=1768"}],"wp:term":[{"taxonomy":"category","embeddable":true,"href":"https:\/\/grupoassociativogasp.com.br\/novo\/wp-json\/wp\/v2\/categories?post=1768"},{"taxonomy":"post_tag","embeddable":true,"href":"https:\/\/grupoassociativogasp.com.br\/novo\/wp-json\/wp\/v2\/tags?post=1768"}],"curies":[{"name":"wp","href":"https:\/\/api.w.org\/{rel}","templated":true}]}}