{"id":1765,"date":"2026-08-25T10:31:00","date_gmt":"2026-08-25T13:31:00","guid":{"rendered":"https:\/\/grupoassociativogasp.com.br\/novo\/?p=1765"},"modified":"2026-09-02T10:33:10","modified_gmt":"2026-09-02T13:33:10","slug":"projeto-cria-politica-nacional-de-avaliacao-e-premiacao-de-servidores","status":"publish","type":"post","link":"https:\/\/grupoassociativogasp.com.br\/novo\/projeto-cria-politica-nacional-de-avaliacao-e-premiacao-de-servidores\/","title":{"rendered":"Projeto cria pol\u00edtica nacional de avalia\u00e7\u00e3o e premia\u00e7\u00e3o de servidores"},"content":{"rendered":"\n<p>A proposta est\u00e1 em an\u00e1lise na C\u00e2mara dos Deputados<\/p>\n\n\n\n<p>O Projeto de Lei 1852\/26 institui a Pol\u00edtica Nacional de Gest\u00e3o de Desempenho e Efici\u00eancia para o servi\u00e7o p\u00fablico em todos os n\u00edveis. A proposta define regras para a avalia\u00e7\u00e3o de pessoal e prev\u00ea mecanismos de premia\u00e7\u00e3o para bons resultados.<\/p>\n\n\n\n<p>Pelo texto em an\u00e1lise na C\u00e2mara dos Deputados, a avalia\u00e7\u00e3o dos servidores ser\u00e1 feita preferencialmente a cada ano. Ser\u00e3o analisados pontos como produtividade, qualidade do trabalho, cumprimento de metas, assiduidade e pontualidade.<\/p>\n\n\n\n<p>Segundo o autor do projeto de lei, deputado Fabio Garcia (Uni\u00e3o-MT), \u00e9 preciso fortalecer a cultura de melhoria cont\u00ednua na administra\u00e7\u00e3o p\u00fablica. \u201cO texto n\u00e3o se orienta por uma l\u00f3gica punitiva, mas sim por uma abordagem de valoriza\u00e7\u00e3o e desenvolvimento do servidor p\u00fablico\u201d, afirmou ele na justificativa do projeto.<\/p>\n\n\n\n<h3 class=\"wp-block-heading\">Premia\u00e7\u00e3o e capacita\u00e7\u00e3o<\/h3>\n\n\n\n<p>Para reconhecer o trabalho eficiente, os \u00f3rg\u00e3os p\u00fablicos poder\u00e3o conceder b\u00f4nus financeiros ou priorizar o servidor em programas de treinamento. Esse b\u00f4nus n\u00e3o ser\u00e1 incorporado \u00e0 remunera\u00e7\u00e3o e depender\u00e1 da disponibilidade or\u00e7ament\u00e1ria.<\/p>\n\n\n\n<p>A proposta pro\u00edbe que as avalia\u00e7\u00f5es sejam baseadas exclusivamente na opini\u00e3o da chefia, sem crit\u00e9rios objetivos. Todo servidor avaliado ter\u00e1 acesso pr\u00e9vio aos m\u00e9todos de avalia\u00e7\u00e3o e poder\u00e1 conferir integralmente os resultados pessoais.<\/p>\n\n\n\n<p>Pelo texto, os profissionais com desempenho considerado insuficiente ter\u00e3o prioridade de inclus\u00e3o em programas institucionais de capacita\u00e7\u00e3o. O objetivo \u00e9 oferecer treinamento focado na melhoria cont\u00ednua do desempenho funcional.<\/p>\n\n\n\n<h3 class=\"wp-block-heading\">Pr\u00f3ximos passos<\/h3>\n\n\n\n<p>O projeto ser\u00e1 analisado em car\u00e1ter conclusivo pelas comiss\u00f5es de Administra\u00e7\u00e3o e Servi\u00e7o P\u00fablico e de Constitui\u00e7\u00e3o e Justi\u00e7a e de Cidadania. Para virar lei, ter\u00e1 de ser aprovado pela C\u00e2mara e pelo Senado.<\/p>\n\n\n\n<p><a href=\"https:\/\/www.camara.leg.br\/noticias\/573454-SAIBA-MAIS-SOBRE-A-TRAMITACAO-DE-PROJETOS-DE-LEI\">Saiba mais sobre a tramita\u00e7\u00e3o de projetos de lei<\/a> A reprodu\u00e7\u00e3o das not\u00edcias \u00e9 autorizada desde que contenha a assinatura \u201cAg\u00eancia C\u00e2mara\u201d.<\/p>\n\n\n\n<p>Fonte: Ag\u00eancia C\u00e2mara de Not\u00edcias<\/p>\n","protected":false},"excerpt":{"rendered":"<p>A proposta est\u00e1 em an\u00e1lise na C\u00e2mara dos Deputados O Projeto de Lei 1852\/26 institui a Pol\u00edtica Nacional de Gest\u00e3o de Desempenho e Efici\u00eancia para o servi\u00e7o p\u00fablico em todos os n\u00edveis. A proposta define regras para a avalia\u00e7\u00e3o de pessoal e prev\u00ea mecanismos de premia\u00e7\u00e3o para bons resultados. Pelo texto em an\u00e1lise na C\u00e2mara [&hellip;]<\/p>\n","protected":false},"author":2,"featured_media":1766,"comment_status":"closed","ping_status":"","sticky":false,"template":"","format":"standard","meta":{"footnotes":""},"categories":[5],"tags":[],"_links":{"self":[{"href":"https:\/\/grupoassociativogasp.com.br\/novo\/wp-json\/wp\/v2\/posts\/1765"}],"collection":[{"href":"https:\/\/grupoassociativogasp.com.br\/novo\/wp-json\/wp\/v2\/posts"}],"about":[{"href":"https:\/\/grupoassociativogasp.com.br\/novo\/wp-json\/wp\/v2\/types\/post"}],"author":[{"embeddable":true,"href":"https:\/\/grupoassociativogasp.com.br\/novo\/wp-json\/wp\/v2\/users\/2"}],"replies":[{"embeddable":true,"href":"https:\/\/grupoassociativogasp.com.br\/novo\/wp-json\/wp\/v2\/comments?post=1765"}],"version-history":[{"count":1,"href":"https:\/\/grupoassociativogasp.com.br\/novo\/wp-json\/wp\/v2\/posts\/1765\/revisions"}],"predecessor-version":[{"id":1767,"href":"https:\/\/grupoassociativogasp.com.br\/novo\/wp-json\/wp\/v2\/posts\/1765\/revisions\/1767"}],"wp:featuredmedia":[{"embeddable":true,"href":"https:\/\/grupoassociativogasp.com.br\/novo\/wp-json\/wp\/v2\/media\/1766"}],"wp:attachment":[{"href":"https:\/\/grupoassociativogasp.com.br\/novo\/wp-json\/wp\/v2\/media?parent=1765"}],"wp:term":[{"taxonomy":"category","embeddable":true,"href":"https:\/\/grupoassociativogasp.com.br\/novo\/wp-json\/wp\/v2\/categories?post=1765"},{"taxonomy":"post_tag","embeddable":true,"href":"https:\/\/grupoassociativogasp.com.br\/novo\/wp-json\/wp\/v2\/tags?post=1765"}],"curies":[{"name":"wp","href":"https:\/\/api.w.org\/{rel}","templated":true}]}}