{"id":1762,"date":"2026-09-02T10:29:55","date_gmt":"2026-09-02T13:29:55","guid":{"rendered":"https:\/\/grupoassociativogasp.com.br\/novo\/?p=1762"},"modified":"2026-09-02T10:29:55","modified_gmt":"2026-09-02T13:29:55","slug":"orcamento-2027-proposta-do-governo-limita-reajustes-de-servidores-publicos-seguindo-gatilho-da-regra-fiscal","status":"publish","type":"post","link":"https:\/\/grupoassociativogasp.com.br\/novo\/orcamento-2027-proposta-do-governo-limita-reajustes-de-servidores-publicos-seguindo-gatilho-da-regra-fiscal\/","title":{"rendered":"Or\u00e7amento 2027: proposta do governo limita reajustes de servidores p\u00fablicos seguindo &#8216;gatilho&#8217; da regra fiscal"},"content":{"rendered":"\n<p>Proposta de or\u00e7amento de 2027 foi enviada nesta segunda-feira ao Congresso Nacional. Ela traz limita\u00e7\u00e3o de recursos para servidores porque o governo registrou rombo em suas contas.<\/p>\n\n\n\n<p>A proposta de Or\u00e7amento de 2027 do governo federal limita os recursos dispon\u00edveis para reajustes de servidores p\u00fablicos no pr\u00f3ximo ano, o primeiro de um novo mandato presidencial.<\/p>\n\n\n\n<p>Isso est\u00e1 relacionado com um gatilho proposto pelo governo federal, e aprovado pelo Congresso Nacional, ou seja,&nbsp;<strong>uma regra que cont\u00e9m os gastos p\u00fablicos no caso de d\u00e9ficit fiscal.<\/strong><\/p>\n\n\n\n<p>A regra diz que a medida ser\u00e1 adotada no ano seguinte ao que for registrado rombo nas contas do governo. E s\u00f3 poder\u00e1 ser interrompida quando houver super\u00e1vit prim\u00e1rio.<\/p>\n\n\n\n<p>Como foi registrado d\u00e9ficit fiscal em 2025 e est\u00e1 projetado novo rombo em 2026, os gastos ser\u00e3o contidos por esse &#8220;gatilho&#8221; em 2027.<\/p>\n\n\n\n<p><em>\ud83d\udd0e O d\u00e9ficit prim\u00e1rio ocorre quando receitas com tributos e impostos ficam abaixo das despesas do governo, sem considerar os gastos com o pagamento de juros da d\u00edvida p\u00fablica. J\u00e1 o super\u00e1vit prim\u00e1rio ocorre quando as receitas com impostos ficam acima das despesas \u2013 tamb\u00e9m desconsiderando juros da d\u00edvida.<\/em><\/p>\n\n\n\n<p>\u27a1\ufe0fO resultado negativo nas contas, projetado para 2026, \u00e9 um estopim para acionar limites ao aumento de gastos do governo com pessoal, sal\u00e1rios e encargos sociais, por exemplo, de servidores ativos, inativos e pensionistas.<\/p>\n\n\n\n<ul>\n<li><\/li>\n<\/ul>\n\n\n\n<p>\ud83d\udcc8 Segundo a regra, at\u00e9 2030, as&nbsp;<strong>despesas com servidores n\u00e3o poder\u00e3o ter crescimento superior ao piso de reajuste das despesas permitido pelo arcabou\u00e7o fiscal \u2014 0,6% ao ano acima da infla\u00e7\u00e3o \u2014 caso as contas permane\u00e7am no vermelho.<\/strong><\/p>\n\n\n\n<p>Em junho, o ministro da Fazenda, Dario Durigan, explicou que, por conta dessa limita\u00e7\u00e3o de despesas com pessoal existente, relacionada com o gatilho, o&nbsp;<a class=\"\" href=\"https:\/\/g1.globo.com\/economia\/noticia\/2026\/06\/15\/com-gatilho-na-regra-fiscal-servidor-publico-nao-tera-reajuste-acima-da-inflacao-em-2027-diz-ministro-da-fazenda.ghtml\">governo n\u00e3o poder\u00e1 conceder reajuste aos servidores p\u00fablicos acima da infla\u00e7\u00e3o em 2027.<\/a><\/p>\n\n\n\n<blockquote class=\"wp-block-quote\">\n<p>&#8220;Temos o novo marco fiscal, criamos um gatilho adicional. Ano que vem n\u00e3o vamos ter ganho real ao servidor p\u00fablico, o que \u00e9 um ganho [em termos de conten\u00e7\u00e3o de despesas] em um primeiro ano de governo&#8221;, disse.<\/p>\n<\/blockquote>\n\n\n\n<h2 class=\"wp-block-heading\">A regra fiscal<\/h2>\n\n\n\n<p>O&nbsp;<a class=\"\" href=\"https:\/\/g1.globo.com\/economia\/noticia\/2023\/03\/30\/o-que-e-o-arcabouco-fiscal.ghtml\">arcabou\u00e7o fiscal, a regra para as contas p\u00fablicas, foi aprovada em 2023<\/a>, no primeiro ano do mandato do presidente&nbsp;<a class=\"\" href=\"https:\/\/g1.globo.com\/tudo-sobre\/luiz-inacio-lula-da-silva\/\">Luiz In\u00e1cio Lula da Silva<\/a>&nbsp;(PT). A regra limita a despesa 70% da alta da receita, ou a 2,5% ao ano acima da infla\u00e7\u00e3o.<\/p>\n\n\n\n<p>No fim de 2024, por\u00e9m, o Congresso Nacional aprovou um refor\u00e7o \u00e0 regra, definindo que, em caso de d\u00e9ficit prim\u00e1rio,&nbsp;<strong>ficar\u00e1 proibida a concess\u00e3o, amplia\u00e7\u00e3o ou prorroga\u00e7\u00e3o de incentivos e\/ou benef\u00edcios tribut\u00e1rios.<\/strong>&nbsp;E tamb\u00e9m&nbsp;<strong>fixou um limite para os reajustes de servidores.<\/strong><\/p>\n\n\n\n<figure class=\"wp-block-image\"><img decoding=\"async\" src=\"https:\/\/s2-g1.glbimg.com\/ewuE2YBepndzze-jFzKuaPgZ5hY=\/0x0:1200x720\/984x0\/smart\/filters:strip_icc()\/i.s3.glbimg.com\/v1\/AUTH_59edd422c0c84a879bd37670ae4f538a\/internal_photos\/bs\/2026\/d\/V\/7zwSi7QFiRJVFtHylLww\/acao-inss.jpg\" alt=\"Salvador recebe a\u00e7\u00e3o do INSS com servi\u00e7os previdenci\u00e1rios \u2014 Foto: INSS\"\/><\/figure>\n\n\n\n<p>Salvador recebe a\u00e7\u00e3o do INSS com servi\u00e7os previdenci\u00e1rios \u2014 Foto: INSS<\/p>\n\n\n\n<h2 class=\"wp-block-heading\">Acordo com servidores<\/h2>\n\n\n\n<p>Em 2024, o governo fechou um acordo com servidores do Executivo contemplando reajustes salariais aprovadas ou em discuss\u00f5es no \u00e2mbito das Mesas Espec\u00edficas e Tempor\u00e1rias de Negocia\u00e7\u00e3o, al\u00e9m das reestrutura\u00e7\u00f5es de carreiras, o acordo&nbsp;<a class=\"\" href=\"https:\/\/g1.globo.com\/economia\/noticia\/2024\/09\/02\/reajustes-contemplam-98percent-dos-servidores-do-governo-federal-e-terao-impacto-de-r-16-bi-em-2025.ghtml\">abrangeu, \u00e0 \u00e9poca, 98,2% dos servidores do governo federal.<\/a><\/p>\n\n\n\n<p>Os acordos contemplam aumentos salariais para os servidores em 2025 e 2026, com diferentes \u00edndices de corre\u00e7\u00e3o. Algumas categorias fecharam negocia\u00e7\u00f5es posteriormente, contemplando tamb\u00e9m reajustes escalonados.<\/p>\n\n\n\n<p>Naquele ano, a ministra da Gest\u00e3o e Inova\u00e7\u00e3o, Esther Dweck, afirmou que os acordos\u00a0<a class=\"\" href=\"https:\/\/g1.globo.com\/economia\/noticia\/2024\/04\/11\/reajuste-para-servidores-ministra-da-gestao-diz-que-nao-ha-previsao-neste-ano-mas-assegura-19percent-no-governo-lula.ghtml\">n\u00e3o s\u00f3 garantiriam a reposi\u00e7\u00e3o inflacion\u00e1ria para todo o mandato do presidente Lula, como haveria, ainda, um ganho real (acima da infla\u00e7\u00e3o esperada para os quatro anos).<\/a><\/p>\n\n\n\n<p>Fonte: G1<\/p>\n","protected":false},"excerpt":{"rendered":"<p>Proposta de or\u00e7amento de 2027 foi enviada nesta segunda-feira ao Congresso Nacional. Ela traz limita\u00e7\u00e3o de recursos para servidores porque o governo registrou rombo em suas contas. A proposta de Or\u00e7amento de 2027 do governo federal limita os recursos dispon\u00edveis para reajustes de servidores p\u00fablicos no pr\u00f3ximo ano, o primeiro de um novo mandato presidencial. [&hellip;]<\/p>\n","protected":false},"author":2,"featured_media":1763,"comment_status":"closed","ping_status":"","sticky":false,"template":"","format":"standard","meta":{"footnotes":""},"categories":[5],"tags":[],"_links":{"self":[{"href":"https:\/\/grupoassociativogasp.com.br\/novo\/wp-json\/wp\/v2\/posts\/1762"}],"collection":[{"href":"https:\/\/grupoassociativogasp.com.br\/novo\/wp-json\/wp\/v2\/posts"}],"about":[{"href":"https:\/\/grupoassociativogasp.com.br\/novo\/wp-json\/wp\/v2\/types\/post"}],"author":[{"embeddable":true,"href":"https:\/\/grupoassociativogasp.com.br\/novo\/wp-json\/wp\/v2\/users\/2"}],"replies":[{"embeddable":true,"href":"https:\/\/grupoassociativogasp.com.br\/novo\/wp-json\/wp\/v2\/comments?post=1762"}],"version-history":[{"count":1,"href":"https:\/\/grupoassociativogasp.com.br\/novo\/wp-json\/wp\/v2\/posts\/1762\/revisions"}],"predecessor-version":[{"id":1764,"href":"https:\/\/grupoassociativogasp.com.br\/novo\/wp-json\/wp\/v2\/posts\/1762\/revisions\/1764"}],"wp:featuredmedia":[{"embeddable":true,"href":"https:\/\/grupoassociativogasp.com.br\/novo\/wp-json\/wp\/v2\/media\/1763"}],"wp:attachment":[{"href":"https:\/\/grupoassociativogasp.com.br\/novo\/wp-json\/wp\/v2\/media?parent=1762"}],"wp:term":[{"taxonomy":"category","embeddable":true,"href":"https:\/\/grupoassociativogasp.com.br\/novo\/wp-json\/wp\/v2\/categories?post=1762"},{"taxonomy":"post_tag","embeddable":true,"href":"https:\/\/grupoassociativogasp.com.br\/novo\/wp-json\/wp\/v2\/tags?post=1762"}],"curies":[{"name":"wp","href":"https:\/\/api.w.org\/{rel}","templated":true}]}}