{"id":1699,"date":"2026-04-28T10:58:06","date_gmt":"2026-04-28T13:58:06","guid":{"rendered":"https:\/\/grupoassociativogasp.com.br\/novo\/?p=1699"},"modified":"2026-04-28T10:58:06","modified_gmt":"2026-04-28T13:58:06","slug":"servidor-contracheques-ja-trazem-novos-salarios-veja-como-conferir","status":"publish","type":"post","link":"https:\/\/grupoassociativogasp.com.br\/novo\/servidor-contracheques-ja-trazem-novos-salarios-veja-como-conferir\/","title":{"rendered":"Servidor: contracheques j\u00e1 trazem novos sal\u00e1rios; veja como conferir"},"content":{"rendered":"\n<p>Carreiras tiveram reajustes e, em alguns casos, aumento supera os 9%. Benef\u00edcios tamb\u00e9m foram alterados<\/p>\n\n\n\n<p>As pr\u00e9vias dos contracheques dos&nbsp;<a href=\"https:\/\/www.metropoles.com\/tag\/servidor-publico\" target=\"_blank\" rel=\"noreferrer noopener\">servidores p\u00fablicos<\/a>&nbsp;federais referentes ao m\u00eas de abril apresentam reflexos de altera\u00e7\u00f5es nas remunera\u00e7\u00f5es. Os&nbsp;<a href=\"https:\/\/www.metropoles.com\/tag\/salario\" target=\"_blank\" rel=\"noreferrer noopener\">valores remunerat\u00f3rios<\/a>&nbsp;podem ser consultados por meio da plataforma SouGov.br.<\/p>\n\n\n\n<blockquote class=\"wp-block-quote\">\n<p>Um dos destaques que podem aparecer na pr\u00e9via da remunera\u00e7\u00e3o \u00e9 a recomposi\u00e7\u00e3o salarial de 5%, com reflexo tamb\u00e9m sobre benef\u00edcios.<\/p>\n<\/blockquote>\n\n\n\n<p>A maioria dos impactos na remunera\u00e7\u00e3o dos servidores p\u00fablicos est\u00e1 associada \u00e0 san\u00e7\u00e3o da Lei Federal n\u00ba 15.367\/2026, no fim de mar\u00e7o.Play Video<\/p>\n\n\n\n<p>No texto da lei est\u00e1 previsto, por exemplo, que o vencimento b\u00e1sico para os cargos de auditor-fiscal da Receita Federal, na classe especial padr\u00e3o III, passa de R$ 29.760,95 para&nbsp;<strong>R$ 32.504,91<\/strong>, equivalente a um reajuste de 9,2%.<\/p>\n\n\n\n<p>O texto promoveu, entre outros pontos, a estrutura\u00e7\u00e3o do plano de cargos (PEC) dos servidores do MEC, bem como a reestrutura\u00e7\u00e3o do plano referente aos trabalhadores p\u00fablicos na Cultura.<\/p>\n\n\n\n<h2 class=\"wp-block-heading\">Consulta<\/h2>\n\n\n\n<p>A consulta no&nbsp;<a href=\"https:\/\/www.gov.br\/servidor\/pt-br\/acesso-a-informacao\/faq\/sou-gov.br\/contracheque\/1-como-acessar-o-contracheque-no-sou-gov-br\" target=\"_blank\" rel=\"noreferrer noopener\">SouGov.br<\/a>&nbsp;pode ser realizada no aplicativo ou site. O acesso exige CPF e senha.<\/p>\n\n\n\n<p>No caso de servidor com mais de um v\u00ednculo, \u00e9 necess\u00e1rio selecionar para qual v\u00ednculo \u00e9 a consulta. Depois disso, pode-se clicar em \u201cConsulta Contracheque\u201d. Em seguida, basta filtrar o m\u00eas de interesse para a consulta. O arquivo pode ser baixado.<\/p>\n\n\n\n<p>\u00c0 esquerda da tela, consta um menu no qual \u00e9 poss\u00edvel clicar em \u201cRemunera\u00e7\u00e3o Mensal\u201d, \u201cRendimentos\u201d e \u201cDescontos\u201d; nesses campos, s\u00e3o apresentados infogr\u00e1ficos interativos que demonstram, por exemplo, o percentual de vencimento b\u00e1sico, aux\u00edlio-alimenta\u00e7\u00e3o e assist\u00eancia pr\u00e9-escolar, se for o caso.<\/p>\n\n\n\n<h2 class=\"wp-block-heading\">Cargos<\/h2>\n\n\n\n<p>O texto da lei tamb\u00e9m criou&nbsp;<strong>24 mil<\/strong>&nbsp;novos cargos no servi\u00e7o p\u00fablico:<\/p>\n\n\n\n<ul>\n<li>200 novos cargos de especialista em regula\u00e7\u00e3o e vigil\u00e2ncia sanit\u00e1ria e 25 de t\u00e9cnico em regula\u00e7\u00e3o e vigil\u00e2ncia sanit\u00e1ria para a Anvisa;<\/li>\n\n\n\n<li>3.800 novos cargos de professor do magist\u00e9rio superior e 2.200 de analista em educa\u00e7\u00e3o para as universidades federais;<\/li>\n\n\n\n<li>9.587 novos cargos de professor do ensino b\u00e1sico, t\u00e9cnico e tecnol\u00f3gico, 4.286 de t\u00e9cnico em educa\u00e7\u00e3o e 2.490 de analista em educa\u00e7\u00e3o para as institui\u00e7\u00f5es de ensino da Rede Federal de Educa\u00e7\u00e3o Profissional, Cient\u00edfica e Tecnol\u00f3gica; e<\/li>\n\n\n\n<li>750 novos cargos de analista t\u00e9cnico de desenvolvimento socioecon\u00f4mico e 750 de analista t\u00e9cnico de Justi\u00e7a e Defesa no Minist\u00e9rio da Gest\u00e3o e da Inova\u00e7\u00e3o (MGI).<\/li>\n<\/ul>\n\n\n\n<p><\/p>\n\n\n\n<p>Fonte: Metr\u00f3poles<\/p>\n","protected":false},"excerpt":{"rendered":"<p>Carreiras tiveram reajustes e, em alguns casos, aumento supera os 9%. Benef\u00edcios tamb\u00e9m foram alterados As pr\u00e9vias dos contracheques dos&nbsp;servidores p\u00fablicos&nbsp;federais referentes ao m\u00eas de abril apresentam reflexos de altera\u00e7\u00f5es nas remunera\u00e7\u00f5es. Os&nbsp;valores remunerat\u00f3rios&nbsp;podem ser consultados por meio da plataforma SouGov.br. Um dos destaques que podem aparecer na pr\u00e9via da remunera\u00e7\u00e3o \u00e9 a recomposi\u00e7\u00e3o salarial [&hellip;]<\/p>\n","protected":false},"author":2,"featured_media":1700,"comment_status":"closed","ping_status":"","sticky":false,"template":"","format":"standard","meta":{"footnotes":""},"categories":[5],"tags":[],"_links":{"self":[{"href":"https:\/\/grupoassociativogasp.com.br\/novo\/wp-json\/wp\/v2\/posts\/1699"}],"collection":[{"href":"https:\/\/grupoassociativogasp.com.br\/novo\/wp-json\/wp\/v2\/posts"}],"about":[{"href":"https:\/\/grupoassociativogasp.com.br\/novo\/wp-json\/wp\/v2\/types\/post"}],"author":[{"embeddable":true,"href":"https:\/\/grupoassociativogasp.com.br\/novo\/wp-json\/wp\/v2\/users\/2"}],"replies":[{"embeddable":true,"href":"https:\/\/grupoassociativogasp.com.br\/novo\/wp-json\/wp\/v2\/comments?post=1699"}],"version-history":[{"count":1,"href":"https:\/\/grupoassociativogasp.com.br\/novo\/wp-json\/wp\/v2\/posts\/1699\/revisions"}],"predecessor-version":[{"id":1701,"href":"https:\/\/grupoassociativogasp.com.br\/novo\/wp-json\/wp\/v2\/posts\/1699\/revisions\/1701"}],"wp:featuredmedia":[{"embeddable":true,"href":"https:\/\/grupoassociativogasp.com.br\/novo\/wp-json\/wp\/v2\/media\/1700"}],"wp:attachment":[{"href":"https:\/\/grupoassociativogasp.com.br\/novo\/wp-json\/wp\/v2\/media?parent=1699"}],"wp:term":[{"taxonomy":"category","embeddable":true,"href":"https:\/\/grupoassociativogasp.com.br\/novo\/wp-json\/wp\/v2\/categories?post=1699"},{"taxonomy":"post_tag","embeddable":true,"href":"https:\/\/grupoassociativogasp.com.br\/novo\/wp-json\/wp\/v2\/tags?post=1699"}],"curies":[{"name":"wp","href":"https:\/\/api.w.org\/{rel}","templated":true}]}}