{"id":1696,"date":"2026-04-24T10:54:53","date_gmt":"2026-04-24T13:54:53","guid":{"rendered":"https:\/\/grupoassociativogasp.com.br\/novo\/?p=1696"},"modified":"2026-04-28T10:56:28","modified_gmt":"2026-04-28T13:56:28","slug":"oscar-dos-servidores-abre-inscricoes-para-premio-de-r-12-mil","status":"publish","type":"post","link":"https:\/\/grupoassociativogasp.com.br\/novo\/oscar-dos-servidores-abre-inscricoes-para-premio-de-r-12-mil\/","title":{"rendered":"\u201cOscar dos servidores\u201d abre inscri\u00e7\u00f5es para pr\u00eamio de R$ 12 mil"},"content":{"rendered":"\n<p>8\u00aa edi\u00e7\u00e3o do Pr\u00eamio Esp\u00edrito P\u00fablico vai premiar projetos com R$ 12 mil. Inscri\u00e7\u00f5es v\u00e3o at\u00e9 1\u00ba de junho<\/p>\n\n\n\n<p>As inscri\u00e7\u00f5es para a 8\u00aa edi\u00e7\u00e3o do Pr\u00eamio Esp\u00edrito P\u00fablico, conhecido como o \u201cOscar dos Servidores\u201d, come\u00e7am nesta quarta-feira (22\/4) e seguem abertas at\u00e9 1\u00ba de junho. A iniciativa busca valorizar projetos que contribuam para a melhoria dos&nbsp;<a href=\"https:\/\/www.metropoles.com\/tag\/servico-publico\" target=\"_blank\" rel=\"noreferrer noopener\">servi\u00e7os p\u00fablicos<\/a>&nbsp;oferecidos \u00e0 popula\u00e7\u00e3o.<\/p>\n\n\n\n<p>Podem participar servidores que atuam em \u00f3rg\u00e3os da&nbsp;<a href=\"https:\/\/www.metropoles.com\/tag\/administracao-publica\" target=\"_blank\" rel=\"noreferrer noopener\">administra\u00e7\u00e3o p\u00fablica<\/a>&nbsp;direta e indireta, incluindo autarquias, funda\u00e7\u00f5es, empresas p\u00fablicas e sociedades de economia mista, nas esferas federal, estadual e municipal.<\/p>\n\n\n\n<p>As iniciativas podem ser individuais ou em grupo e precisam se enquadrar em uma das sete categorias:Play Video<\/p>\n\n\n\n<ul>\n<li>Desenvolvimento social<\/li>\n\n\n\n<li>Educa\u00e7\u00e3o<\/li>\n\n\n\n<li>Gest\u00e3o de pessoas<\/li>\n\n\n\n<li>Gest\u00e3o e transforma\u00e7\u00e3o digital<\/li>\n\n\n\n<li>Meio ambiente<\/li>\n\n\n\n<li>Emerg\u00eancia clim\u00e1tica<\/li>\n\n\n\n<li>Sa\u00fade<\/li>\n\n\n\n<li>Seguran\u00e7a<\/li>\n<\/ul>\n\n\n\n<h2 class=\"wp-block-heading\">Como funciona<\/h2>\n\n\n\n<p>Os projetos finalistas garantem aos participantes a entrada na Rede Esp\u00edrito P\u00fablico, um ambiente de troca entre profissionais do setor p\u00fablico, voltada ao compartilhamento de experi\u00eancias, cria\u00e7\u00e3o de parcerias e desenvolvimento de novas habilidades.<\/p>\n\n\n\n<p>Ao longo das sete edi\u00e7\u00f5es, mais de 11 mil servidores p\u00fablicos se cadastraram nas plataformas de inscri\u00e7\u00e3o. Quase 4 mil projetos foram selecionados e estiveram diretamente envolvidos nas&nbsp;<a href=\"https:\/\/www.metropoles.com\/tag\/premiacao\" target=\"_blank\" rel=\"noreferrer noopener\">premia\u00e7\u00f5es<\/a>. A edi\u00e7\u00e3o \u00e9 organizada pela Rep\u00fablica.org.<\/p>\n\n\n\n<h2 class=\"wp-block-heading\">Como se inscrever<\/h2>\n\n\n\n<p>Os servidores p\u00fablicos poder\u00e3o se inscrever pelo link&nbsp;<a href=\"https:\/\/premioespiritopublico.org.br\/\" target=\"_blank\" rel=\"noreferrer noopener\">www.premioespiritopublico.org.br<\/a><\/p>\n\n\n\n<p>Para participar, \u00e9 necess\u00e1rio acessar o site oficial, realizar o cadastro, escolher a categoria, preencher os dados pessoais e o formul\u00e1rio de elegibilidade, incluir integrantes da equipe (se houver), cadastrar o projeto e anexar os documentos exigidos.<\/p>\n\n\n\n<p>Os vencedores receber\u00e3o R$ 12 mil como reconhecimento. A participa\u00e7\u00e3o \u00e9 aberta a profissionais p\u00fablicos brasileiros ou estrangeiros que atuem na \u00e1rea h\u00e1, pelo menos, cinco anos.<\/p>\n\n\n\n<p>Todas as informa\u00e7\u00f5es ser\u00e3o divulgadas por meio das redes digitais e do site oficial do pr\u00eamio.<\/p>\n\n\n\n<p>Fonte: Metr\u00f3poles<\/p>\n","protected":false},"excerpt":{"rendered":"<p>8\u00aa edi\u00e7\u00e3o do Pr\u00eamio Esp\u00edrito P\u00fablico vai premiar projetos com R$ 12 mil. Inscri\u00e7\u00f5es v\u00e3o at\u00e9 1\u00ba de junho As inscri\u00e7\u00f5es para a 8\u00aa edi\u00e7\u00e3o do Pr\u00eamio Esp\u00edrito P\u00fablico, conhecido como o \u201cOscar dos Servidores\u201d, come\u00e7am nesta quarta-feira (22\/4) e seguem abertas at\u00e9 1\u00ba de junho. A iniciativa busca valorizar projetos que contribuam para a [&hellip;]<\/p>\n","protected":false},"author":2,"featured_media":1697,"comment_status":"closed","ping_status":"","sticky":false,"template":"","format":"standard","meta":{"footnotes":""},"categories":[5],"tags":[],"_links":{"self":[{"href":"https:\/\/grupoassociativogasp.com.br\/novo\/wp-json\/wp\/v2\/posts\/1696"}],"collection":[{"href":"https:\/\/grupoassociativogasp.com.br\/novo\/wp-json\/wp\/v2\/posts"}],"about":[{"href":"https:\/\/grupoassociativogasp.com.br\/novo\/wp-json\/wp\/v2\/types\/post"}],"author":[{"embeddable":true,"href":"https:\/\/grupoassociativogasp.com.br\/novo\/wp-json\/wp\/v2\/users\/2"}],"replies":[{"embeddable":true,"href":"https:\/\/grupoassociativogasp.com.br\/novo\/wp-json\/wp\/v2\/comments?post=1696"}],"version-history":[{"count":1,"href":"https:\/\/grupoassociativogasp.com.br\/novo\/wp-json\/wp\/v2\/posts\/1696\/revisions"}],"predecessor-version":[{"id":1698,"href":"https:\/\/grupoassociativogasp.com.br\/novo\/wp-json\/wp\/v2\/posts\/1696\/revisions\/1698"}],"wp:featuredmedia":[{"embeddable":true,"href":"https:\/\/grupoassociativogasp.com.br\/novo\/wp-json\/wp\/v2\/media\/1697"}],"wp:attachment":[{"href":"https:\/\/grupoassociativogasp.com.br\/novo\/wp-json\/wp\/v2\/media?parent=1696"}],"wp:term":[{"taxonomy":"category","embeddable":true,"href":"https:\/\/grupoassociativogasp.com.br\/novo\/wp-json\/wp\/v2\/categories?post=1696"},{"taxonomy":"post_tag","embeddable":true,"href":"https:\/\/grupoassociativogasp.com.br\/novo\/wp-json\/wp\/v2\/tags?post=1696"}],"curies":[{"name":"wp","href":"https:\/\/api.w.org\/{rel}","templated":true}]}}